{"id":7760,"date":"2025-04-04T10:01:29","date_gmt":"2025-04-04T10:01:29","guid":{"rendered":"https:\/\/www.weloop.org\/?p=7760"},"modified":"2026-03-26T16:18:06","modified_gmt":"2026-03-26T16:18:06","slug":"batters-project-phase-2","status":"publish","type":"post","link":"https:\/\/www.weloop.org\/en\/projet-batters-phase-2\/","title":{"rendered":"BATTERS Project for the Hauts-de-France Region (2025\u20132028)"},"content":{"rendered":"<p><\/p>\n\n\n<style>.kb-row-layout-id7760_2899c4-22 > .kt-row-column-wrap{align-content:center;}:where(.kb-row-layout-id7760_2899c4-22 > .kt-row-column-wrap) > .wp-block-kadence-column{justify-content:center;}.kb-row-layout-id7760_2899c4-22 > .kt-row-column-wrap{column-gap:var(--global-kb-gap-md, 2rem);row-gap:var(--global-kb-gap-md, 2rem);max-width:1100px;margin-left:auto;margin-right:auto;padding-top:var(--global-kb-spacing-lg, 3rem);padding-bottom:var(--global-kb-spacing-md, 2rem);grid-template-columns:minmax(0, 1fr);}.kb-row-layout-id7760_2899c4-22 > .kt-row-layout-overlay{opacity:1;background-color:var(--nv-dark-bg);}@media all and (max-width: 1024px){.kb-row-layout-id7760_2899c4-22 > .kt-row-column-wrap{grid-template-columns:minmax(0, 1fr);}}@media all and (max-width: 767px){.kb-row-layout-id7760_2899c4-22 > .kt-row-column-wrap{grid-template-columns:minmax(0, 1fr);}}<\/style><div class=\"kb-row-layout-wrap kb-row-layout-id7760_2899c4-22 alignfull kt-row-has-bg wp-block-kadence-rowlayout\"><div class=\"kt-row-layout-overlay kt-row-overlay-normal\"><\/div><div class=\"kt-row-column-wrap kt-has-1-columns kt-row-layout-equal kt-tab-layout-inherit kt-mobile-layout-row kt-row-valign-middle\">\n<style>.kadence-column7760_3e7136-2f > .kt-inside-inner-col,.kadence-column7760_3e7136-2f > .kt-inside-inner-col:before{border-top-left-radius:0px;border-top-right-radius:0px;border-bottom-right-radius:0px;border-bottom-left-radius:0px;}.kadence-column7760_3e7136-2f > .kt-inside-inner-col{column-gap:var(--global-kb-gap-sm, 1rem);}.kadence-column7760_3e7136-2f > .kt-inside-inner-col{flex-direction:column;}.kadence-column7760_3e7136-2f > .kt-inside-inner-col > .aligncenter{width:100%;}.kadence-column7760_3e7136-2f > .kt-inside-inner-col:before{opacity:0.3;}.kadence-column7760_3e7136-2f{position:relative;}@media all and (max-width: 1024px){.kadence-column7760_3e7136-2f > .kt-inside-inner-col{flex-direction:column;justify-content:center;}}@media all and (max-width: 767px){.kadence-column7760_3e7136-2f > .kt-inside-inner-col{flex-direction:column;justify-content:center;}}<\/style>\n<div class=\"wp-block-kadence-column kadence-column7760_3e7136-2f\"><div class=\"kt-inside-inner-col\">\n<h1 class=\"wp-block-heading has-text-align-center has-nv-text-dark-bg-color has-text-color has-link-color wp-elements-45ca8b25f1ecf8339d061db168117e02\" id=\"h-projet-batters-pour-la-region-hauts-de-france-2025-2028\">BATTERS Project for the Hauts-de-France Region (2025\u20132028)<\/h1>\n\n\n\n<p class=\"has-text-align-center has-nv-text-dark-bg-color has-text-color has-link-color wp-elements-2a9deddcdc6ec35d63ade680c66760c0\"><strong>To structure and energise the battery sector in the Hauts-de-France region while addressing environmental and economic challenges.<\/strong><\/p>\n\n\n\n<div class=\"wp-block-buttons is-content-justification-center is-layout-flex wp-container-core-buttons-is-layout-16018d1d wp-block-buttons-is-layout-flex\">\n<div class=\"wp-block-button is-style-primary\"><a class=\"wp-block-button__link wp-element-button\" href=\"https:\/\/fr.surveymonkey.com\/r\/Batters2-demarrage\" target=\"_blank\" rel=\"noreferrer noopener\">rejoindre le projet batters<\/a><\/div>\n\n\n\n<div class=\"wp-block-button is-style-default\"><a class=\"wp-block-button__link wp-element-button\" href=\"https:\/\/fr.surveymonkey.com\/r\/Batters-module1\" target=\"_blank\" rel=\"noreferrer noopener\">participer aux ateliers collaboratifs<\/a><\/div>\n\n\n\n<div class=\"wp-block-button is-style-secondary\"><a class=\"wp-block-button__link wp-element-button\" href=\"https:\/\/www.weloop.org\/en\/recap-of-the-batters-phase-2-project-kick-off-meeting-24-june-2025\/\" target=\"_blank\" rel=\"noreferrer noopener\">REUNION DE LANCEMENT<\/a><\/div>\n<\/div>\n<\/div><\/div>\n\n<\/div><\/div>\n\n\n<div style=\"height:50px\" aria-hidden=\"true\" class=\"wp-block-spacer\"><\/div>\n\n\n\n<h4 class=\"wp-block-heading has-text-align-left\" id=\"h-contexte-europeen-et-regional-de-la-filiere-batteries\"><strong><strong>European and regional context of the battery sector<\/strong><\/strong><\/h4>\n\n\n\n<hr class=\"wp-block-separator has-text-color has-neve-link-hover-color-color has-alpha-channel-opacity has-neve-link-hover-color-background-color has-background is-style-wide\"\/>\n\n\n\n<div style=\"height:20px\" aria-hidden=\"true\" class=\"wp-block-spacer\"><\/div>\n\n\n\n<p class=\"translation-block\">The <strong>Hauts-de-France Region<\/strong> has established itself as a <strong>strategic hub<\/strong> in the <a href=\"https:\/\/www.weloop.org\/en\/batteries\/\" target=\"_blank\" rel=\"noreferrer noopener\">battery sector<\/a>, notably due to the establishment of several gigafactories, now recognised as the \"<strong>Battery Valley<\/strong>\".  \nThis rapidly growing ecosystem is attracting numerous players across the value chain (refining, recycling, repurposing) and is part of a <strong>circular economy dynamic<\/strong>.<\/p>\n\n\n\n<p class=\"translation-block\">In response to the <strong>economic and environmental challenges<\/strong>, regional and international initiatives are multiplying, accompanied by the development of support services for industries (logistics, recycling, training, safety, consultancy, and R&amp;D).<\/p>\n\n\n\n<p>From a regulatory perspective, new European standards are being introduced to govern the battery industry:<\/p>\n\n\n\n<ul class=\"wp-block-list\">\n<li class=\"translation-block\"><strong>Battery Regulation<\/strong>: sets minimum thresholds for the integration of recycled materials and requires the disclosure of the carbon footprint of batteries starting in 2025.<\/li>\n\n\n\n<li class=\"translation-block\"><strong>Digital Product Passport (DPP)<\/strong>: a QR code will accompany each battery to inform consumers and facilitate lifecycle tracking starting in 2027.<\/li>\n\n\n\n<li class=\"translation-block\"><strong>Critical Raw Materials Act (CRMA)<\/strong>: aims to secure the EU\u2019s supply of strategic raw materials.<\/li>\n<\/ul>\n\n\n\n<p class=\"translation-block\">The sector is also undergoing significant technological and economic changes, impacting ongoing projects and requiring a <strong>rapid adaptation<\/strong> from all stakeholders across the value chain.<\/p>\n\n\n\n<p class=\"translation-block\">The success of this \"<strong>Battery Valley<\/strong>\" relies on the development of an interconnected and dynamic ecosystem, capable of evolving in unison to meet the demands of a globalised industrial sector. By integrating the highest international standards and encouraging cross-border collaboration, this ecosystem will strengthen Hauts-de-France\u2019s position as a <strong>driver of the global energy transition<\/strong>.<\/p>\n\n\n\n<div style=\"height:40px\" aria-hidden=\"true\" class=\"wp-block-spacer\"><\/div>\n\n\n\n<h4 class=\"wp-block-heading has-text-align-left\" id=\"h-le-projet-batters-2022-2023\"><strong>BATTERS project phase 1 (2022-2023)<\/strong><\/h4>\n\n\n\n<hr class=\"wp-block-separator has-text-color has-neve-link-hover-color-color has-alpha-channel-opacity has-neve-link-hover-color-background-color has-background is-style-wide\"\/>\n\n\n\n<div style=\"height:20px\" aria-hidden=\"true\" class=\"wp-block-spacer\"><\/div>\n\n\n\n<div class=\"wp-block-columns is-layout-flex wp-container-core-columns-is-layout-9d6595d7 wp-block-columns-is-layout-flex\">\n<div class=\"wp-block-column is-vertically-aligned-top is-layout-flow wp-block-column-is-layout-flow\" style=\"flex-basis:33.33%\">\n<figure class=\"wp-block-image size-large is-resized\"><img loading=\"lazy\" decoding=\"async\" width=\"1024\" height=\"724\" src=\"https:\/\/www.weloop.org\/wp-content\/uploads\/2025\/03\/batters-logo--1024x724.png\" alt=\"BATTERS\" class=\"wp-image-7763\" style=\"width:226px;height:auto\" srcset=\"https:\/\/www.weloop.org\/wp-content\/uploads\/2025\/03\/batters-logo--1024x724.png 1024w, https:\/\/www.weloop.org\/wp-content\/uploads\/2025\/03\/batters-logo--300x212.png 300w, https:\/\/www.weloop.org\/wp-content\/uploads\/2025\/03\/batters-logo--768x543.png 768w, https:\/\/www.weloop.org\/wp-content\/uploads\/2025\/03\/batters-logo--1536x1085.png 1536w, https:\/\/www.weloop.org\/wp-content\/uploads\/2025\/03\/batters-logo--2048x1447.png 2048w, https:\/\/www.weloop.org\/wp-content\/uploads\/2025\/03\/batters-logo--18x12.png 18w\" sizes=\"auto, (max-width: 1024px) 100vw, 1024px\" \/><\/figure>\n<\/div>\n\n\n\n<div class=\"wp-block-column is-layout-flow wp-block-column-is-layout-flow\" style=\"flex-basis:66.66%\">\n<p class=\"has-custom-1-background-color has-background translation-block\">The <strong>BATTERS project<\/strong>, funded by the Regional Funds for the Amplification of the Third Industrial Revolution, ran from January 2022 to July 2023. Its main objective was to develop, in collaboration with <strong>regional stakeholders across the battery value chain<\/strong>, a roadmap to position the Hauts-de-France Region as a <strong>key player in innovation and the circular economy<\/strong> within this sector.<\/p>\n<\/div>\n<\/div>\n\n\n\n<p class=\"translation-block\">The project\u2019s work covered several areas: a market study and a state-of-the-art review of <strong>battery technologies and their recycling<\/strong>, regulatory monitoring of European legislation, as well as discussions with industrial and scientific stakeholders. A territorial <strong>Life Cycle Assessment<\/strong> (LCA) was conducted to evaluate the impact of batteries in the region through to 2070, accompanied by a social screening aimed at identifying relevant impact categories for a Social Life Cycle Assessment (S-LCA). All of this work led to the drafting of a <strong>strategic roadmap<\/strong> for the Hauts-de-France Region.<\/p>\n\n\n\n<div class=\"wp-block-buttons is-layout-flex wp-block-buttons-is-layout-flex\">\n<div class=\"wp-block-button\"><a class=\"wp-block-button__link wp-element-button\" href=\"https:\/\/www.weloop.org\/en\/batters-project-for-the-hauts-de-france-region-2022-2023\/\" target=\"_blank\" rel=\"noreferrer noopener\">LEARN MORE<\/a><\/div>\n<\/div>\n\n\n\n<div style=\"height:50px\" aria-hidden=\"true\" class=\"wp-block-spacer\"><\/div>\n\n\n\n<h4 class=\"wp-block-heading has-text-align-left\" id=\"h-phase-2-du-projet-batters-2025-2027\"><strong><strong>BATTERS project phase 2 (2025 - 2027)<\/strong><\/strong><\/h4>\n\n\n\n<hr class=\"wp-block-separator has-text-color has-neve-link-hover-color-color has-alpha-channel-opacity has-neve-link-hover-color-background-color has-background is-style-wide\"\/>\n\n\n\n<div style=\"height:20px\" aria-hidden=\"true\" class=\"wp-block-spacer\"><\/div>\n\n\n\n<p>La <strong>phase 2<\/strong> du projet BATTERS, port\u00e9e par <strong>WeLOOP et Ailoop,<\/strong> avec le soutien Fonds pour une Transition Juste, vise \u00e0 continuer la structuration et la dynamisation de la fili\u00e8re des batteries dans les Hauts-de-France en r\u00e9pondant aux d\u00e9fis environnementaux, \u00e9conomiques et soci\u00e9taux, ainsi qu\u2019\u00e0 la <a href=\"https:\/\/www.weloop.org\/en\/critical-raw-materials-a-strategic-challenge-for-europe\/\" target=\"_blank\" rel=\"noreferrer noopener\">criticit\u00e9 des mati\u00e8res premi\u00e8res<\/a>.<\/p>\n\n\n\n<p class=\"translation-block\">This second phase broadens the scope to take into account <strong>all types of batteries<\/strong>: mobility, small mobility, industry, stationary storage, portable equipment, etc.<\/p>\n\n\n\n<p class=\"has-nv-dark-bg-color has-text-color has-link-color wp-elements-331e7c1be101dccae89cffecca05a375 translation-block\">Supported by the Hauts-de-France Region and the European Union, this new phase aims to <strong>strengthen innovation, competitiveness, and cooperation<\/strong>, while anticipating future developments in the industry.<\/p>\n\n\n\n<div class=\"wp-block-columns is-layout-flex wp-container-core-columns-is-layout-9d6595d7 wp-block-columns-is-layout-flex\">\n<div class=\"wp-block-column has-custom-1-background-color has-background is-layout-flow wp-block-column-is-layout-flow\" style=\"padding-top:var(--wp--preset--spacing--50);padding-right:var(--wp--preset--spacing--50);padding-bottom:var(--wp--preset--spacing--50);padding-left:var(--wp--preset--spacing--50)\">\n<h5 class=\"wp-block-heading\" id=\"h-le-projet\">The project<\/h5>\n\n\n\n<ul class=\"wp-block-list\">\n<li>Strengthening regional synergies by promoting collaboration between industry players and research centres in order to build an innovative and resilient ecosystem.<\/li>\n\n\n\n<li>Development of a collaborative digital tool based on Life Cycle Assessment to stimulate innovation, and encourage new business models.<\/li>\n\n\n\n<li>Supporting stakeholders through training sessions and workshops to facilitate the integration of regulatory and environmental requirements into the industry.<\/li>\n<\/ul>\n<\/div>\n<\/div>\n\n\n\n<div style=\"height:20px\" aria-hidden=\"true\" class=\"wp-block-spacer\"><\/div>\n\n\n\n<div class=\"wp-block-columns is-layout-flex wp-container-core-columns-is-layout-9d6595d7 wp-block-columns-is-layout-flex\">\n<div class=\"wp-block-column has-custom-1-background-color has-background is-layout-flow wp-block-column-is-layout-flow\" style=\"padding-top:var(--wp--preset--spacing--50);padding-right:var(--wp--preset--spacing--50);padding-bottom:var(--wp--preset--spacing--50);padding-left:var(--wp--preset--spacing--50)\">\n<h5 class=\"wp-block-heading\" id=\"h-les-principaux-objectifs\">The main objectives<\/h5>\n\n\n\n<ul class=\"wp-block-list\">\n<li>Enhance regional competitiveness<\/li>\n\n\n\n<li>Increase the attractiveness of Hauts-de-France as a hub for sustainable innovation<\/li>\n\n\n\n<li>Encourage the emergence of a circular economy for batteries<\/li>\n\n\n\n<li>Mobilise stakeholders across the value chain to create a collective dynamic<\/li>\n\n\n\n<li>Structure a regional strategy while anticipating European and global challenges<\/li>\n<\/ul>\n<\/div>\n<\/div>\n\n\n\n<div style=\"height:40px\" aria-hidden=\"true\" class=\"wp-block-spacer\"><\/div>\n\n\n\n<h3 class=\"wp-block-heading\" id=\"h-les-porteurs-de-projet\">Project leaders<\/h3>\n\n\n\n<div class=\"wp-block-columns is-layout-flex wp-container-core-columns-is-layout-9d6595d7 wp-block-columns-is-layout-flex\">\n<div class=\"wp-block-column is-vertically-aligned-center is-layout-flow wp-block-column-is-layout-flow\" style=\"flex-basis:33.33%\"><div class=\"wp-block-image\">\n<figure class=\"aligncenter size-large is-resized\"><img loading=\"lazy\" decoding=\"async\" width=\"1024\" height=\"768\" src=\"https:\/\/www.weloop.org\/wp-content\/uploads\/2025\/03\/logoprincipal_1-1024x768.png\" alt=\"\" class=\"wp-image-7764\" style=\"width:204px;height:auto\" srcset=\"https:\/\/www.weloop.org\/wp-content\/uploads\/2025\/03\/logoprincipal_1-1024x768.png 1024w, https:\/\/www.weloop.org\/wp-content\/uploads\/2025\/03\/logoprincipal_1-300x225.png 300w, https:\/\/www.weloop.org\/wp-content\/uploads\/2025\/03\/logoprincipal_1-768x576.png 768w, https:\/\/www.weloop.org\/wp-content\/uploads\/2025\/03\/logoprincipal_1-1536x1152.png 1536w, https:\/\/www.weloop.org\/wp-content\/uploads\/2025\/03\/logoprincipal_1-16x12.png 16w, https:\/\/www.weloop.org\/wp-content\/uploads\/2025\/03\/logoprincipal_1.png 2000w\" sizes=\"auto, (max-width: 1024px) 100vw, 1024px\" \/><\/figure>\n<\/div><\/div>\n\n\n\n<div class=\"wp-block-column is-vertically-aligned-center is-layout-flow wp-block-column-is-layout-flow\" style=\"flex-basis:66.66%\">\n<p>The team will apply its expertise to regulatory monitoring and support for industrial stakeholders in integrating new environmental requirements. It will also be responsible for data collection and the development of the database for the tool.<\/p>\n<\/div>\n<\/div>\n\n\n\n<div class=\"wp-block-columns is-layout-flex wp-container-core-columns-is-layout-9d6595d7 wp-block-columns-is-layout-flex\">\n<div class=\"wp-block-column is-vertically-aligned-center is-layout-flow wp-block-column-is-layout-flow\" style=\"flex-basis:66.66%\">\n<p class=\"translation-block\"><strong><a href=\"https:\/\/www.ailoop.io\/\" target=\"_blank\" rel=\"noreferrer noopener\">AiLOOP<\/a><\/strong> specialises in web development, automation, and data management. The team will be responsible for the design, deployment, and maintenance of the digital tool intended for all stakeholders across the battery value chain.<\/p>\n<\/div>\n\n\n\n<div class=\"wp-block-column is-vertically-aligned-center is-layout-flow wp-block-column-is-layout-flow\" style=\"flex-basis:33.33%\"><div class=\"wp-block-image\">\n<figure class=\"aligncenter size-large is-resized\"><img loading=\"lazy\" decoding=\"async\" width=\"1024\" height=\"768\" src=\"https:\/\/www.weloop.org\/wp-content\/uploads\/2025\/03\/logoprincipal_bleuocean-1024x768.png\" alt=\"\" class=\"wp-image-7765\" style=\"width:204px;height:auto\" srcset=\"https:\/\/www.weloop.org\/wp-content\/uploads\/2025\/03\/logoprincipal_bleuocean-1024x768.png 1024w, https:\/\/www.weloop.org\/wp-content\/uploads\/2025\/03\/logoprincipal_bleuocean-300x225.png 300w, https:\/\/www.weloop.org\/wp-content\/uploads\/2025\/03\/logoprincipal_bleuocean-768x576.png 768w, https:\/\/www.weloop.org\/wp-content\/uploads\/2025\/03\/logoprincipal_bleuocean-1536x1152.png 1536w, https:\/\/www.weloop.org\/wp-content\/uploads\/2025\/03\/logoprincipal_bleuocean-16x12.png 16w, https:\/\/www.weloop.org\/wp-content\/uploads\/2025\/03\/logoprincipal_bleuocean.png 2000w\" sizes=\"auto, (max-width: 1024px) 100vw, 1024px\" \/><\/figure>\n<\/div><\/div>\n<\/div>\n\n\n\n<div style=\"height:20px\" aria-hidden=\"true\" class=\"wp-block-spacer\"><\/div>\n\n\n\n<div class=\"wp-block-columns is-layout-flex wp-container-core-columns-is-layout-9d6595d7 wp-block-columns-is-layout-flex\">\n<div class=\"wp-block-column is-layout-flow wp-block-column-is-layout-flow\">\n<figure class=\"wp-block-image size-large is-resized\"><img loading=\"lazy\" decoding=\"async\" width=\"1024\" height=\"228\" src=\"https:\/\/www.weloop.org\/wp-content\/uploads\/2025\/03\/Logo_Region_HDF_partenaire-1024x228.jpg\" alt=\"\" class=\"wp-image-7767\" style=\"width:227px;height:auto\" srcset=\"https:\/\/www.weloop.org\/wp-content\/uploads\/2025\/03\/Logo_Region_HDF_partenaire-1024x228.jpg 1024w, https:\/\/www.weloop.org\/wp-content\/uploads\/2025\/03\/Logo_Region_HDF_partenaire-300x67.jpg 300w, https:\/\/www.weloop.org\/wp-content\/uploads\/2025\/03\/Logo_Region_HDF_partenaire-768x171.jpg 768w, https:\/\/www.weloop.org\/wp-content\/uploads\/2025\/03\/Logo_Region_HDF_partenaire-1536x342.jpg 1536w, https:\/\/www.weloop.org\/wp-content\/uploads\/2025\/03\/Logo_Region_HDF_partenaire-2048x455.jpg 2048w, https:\/\/www.weloop.org\/wp-content\/uploads\/2025\/03\/Logo_Region_HDF_partenaire-18x4.jpg 18w\" sizes=\"auto, (max-width: 1024px) 100vw, 1024px\" \/><\/figure>\n<\/div>\n\n\n\n<div class=\"wp-block-column is-layout-flow wp-block-column-is-layout-flow\">\n<figure class=\"wp-block-image size-large is-resized\"><img loading=\"lazy\" decoding=\"async\" width=\"1024\" height=\"215\" src=\"https:\/\/www.weloop.org\/wp-content\/uploads\/2025\/04\/eu_co_funded_en-1.jpg\" alt=\"\" class=\"wp-image-7771\" style=\"width:257px;height:auto\" srcset=\"https:\/\/www.weloop.org\/wp-content\/uploads\/2025\/04\/eu_co_funded_en-1.jpg 1100w, https:\/\/www.weloop.org\/wp-content\/uploads\/2025\/04\/eu_co_funded_en-1-300x63.jpg 300w, https:\/\/www.weloop.org\/wp-content\/uploads\/2025\/04\/eu_co_funded_en-1-1024x215.jpg 1024w, https:\/\/www.weloop.org\/wp-content\/uploads\/2025\/04\/eu_co_funded_en-1-768x161.jpg 768w, https:\/\/www.weloop.org\/wp-content\/uploads\/2025\/04\/eu_co_funded_en-1-18x4.jpg 18w\" sizes=\"auto, (max-width: 1024px) 100vw, 1024px\" \/><\/figure>\n<\/div>\n\n\n\n<div class=\"wp-block-column is-layout-flow wp-block-column-is-layout-flow\"><div class=\"wp-block-image\">\n<figure class=\"aligncenter size-large is-resized\"><img loading=\"lazy\" decoding=\"async\" width=\"1024\" height=\"1007\" src=\"https:\/\/www.weloop.org\/wp-content\/uploads\/2025\/04\/Logo-Labellise-TEAM2-1024x1007.png\" alt=\"\" class=\"wp-image-11459\" style=\"aspect-ratio:1.0165765551660626;width:111px;height:auto\" srcset=\"https:\/\/www.weloop.org\/wp-content\/uploads\/2025\/04\/Logo-Labellise-TEAM2-1024x1007.png 1024w, https:\/\/www.weloop.org\/wp-content\/uploads\/2025\/04\/Logo-Labellise-TEAM2-300x295.png 300w, https:\/\/www.weloop.org\/wp-content\/uploads\/2025\/04\/Logo-Labellise-TEAM2-768x755.png 768w, https:\/\/www.weloop.org\/wp-content\/uploads\/2025\/04\/Logo-Labellise-TEAM2-1536x1511.png 1536w, https:\/\/www.weloop.org\/wp-content\/uploads\/2025\/04\/Logo-Labellise-TEAM2-2048x2015.png 2048w, https:\/\/www.weloop.org\/wp-content\/uploads\/2025\/04\/Logo-Labellise-TEAM2-12x12.png 12w\" sizes=\"auto, (max-width: 1024px) 100vw, 1024px\" \/><\/figure>\n<\/div><\/div>\n<\/div>\n\n\n\n<div style=\"height:50px\" aria-hidden=\"true\" class=\"wp-block-spacer\"><\/div>\n\n\n<style>.wp-block-kadence-column.kb-section-dir-horizontal > .kt-inside-inner-col > .kt-info-box7760_2b6f22-81{max-width:2000px;}.wp-block-kadence-column.kb-section-dir-horizontal > .kt-inside-inner-col > .kt-info-box7760_2b6f22-81 .kt-blocks-info-box-link-wrap{max-width:unset;}.kt-info-box7760_2b6f22-81 .kt-blocks-info-box-link-wrap{border-top:3px solid var(--nv-light-bg);border-right:3px solid var(--nv-light-bg);border-bottom:3px solid var(--nv-light-bg);border-left:3px solid var(--nv-light-bg);border-top-left-radius:20px;border-top-right-radius:20px;border-bottom-right-radius:20px;border-bottom-left-radius:20px;background:#ffffff;max-width:2000px;padding-top:var(--global-kb-spacing-sm, 1.5rem);padding-right:var(--global-kb-spacing-sm, 1.5rem);padding-bottom:var(--global-kb-spacing-sm, 1.5rem);padding-left:var(--global-kb-spacing-sm, 1.5rem);margin-top:50px;}.kt-info-box7760_2b6f22-81 .kt-blocks-info-box-link-wrap:hover{background:#ffffff;}.kt-info-box7760_2b6f22-81 .kadence-info-box-icon-container .kt-info-svg-icon, .kt-info-box7760_2b6f22-81 .kt-info-svg-icon-flip, .kt-info-box7760_2b6f22-81 .kt-blocks-info-box-number{font-size:50px;}.kt-info-box7760_2b6f22-81 .kt-blocks-info-box-media{color:var(--nv-site-bg);background:var(--nv-c-1);border-color:var(--nv-c-1);border-radius:200px;overflow:hidden;border-top-width:5px;border-right-width:5px;border-bottom-width:5px;border-left-width:5px;padding-top:20px;padding-right:20px;padding-bottom:20px;padding-left:20px;}.kt-info-box7760_2b6f22-81 .kt-blocks-info-box-media-container{margin-top:-75px;margin-right:0px;margin-bottom:20px;margin-left:0px;}.kt-info-box7760_2b6f22-81 .kt-blocks-info-box-media .kadence-info-box-image-intrisic img{border-radius:200px;}.kt-info-box7760_2b6f22-81 .kt-blocks-info-box-link-wrap:hover .kt-blocks-info-box-media{color:var(--nv-site-bg);background:var(--nv-c-1);border-color:var(--nv-c-1);}.kt-info-box7760_2b6f22-81 .kt-infobox-textcontent h5.kt-blocks-info-box-title{padding-top:0px;padding-right:0px;padding-bottom:0px;padding-left:0px;margin-top:5px;margin-right:0px;margin-bottom:10px;margin-left:0px;}.kt-info-box7760_2b6f22-81 .kt-infobox-textcontent .kt-blocks-info-box-text{color:var(--nv-dark-bg);}.wp-block-kadence-infobox.kt-info-box7760_2b6f22-81 .kt-blocks-info-box-text{font-size:17px;}.kt-info-box7760_2b6f22-81 .kt-blocks-info-box-learnmore{background:transparent;border-color:#555555;border-width:0px 0px 0px 0px;padding-top:4px;padding-right:8px;padding-bottom:4px;padding-left:8px;margin-top:10px;margin-right:0px;margin-bottom:10px;margin-left:0px;}.kt-info-box7760_2b6f22-81 .kt-blocks-info-box-link-wrap:hover .kt-blocks-info-box-learnmore,.kt-info-box7760_2b6f22-81 .kt-blocks-info-box-link-wrap .kt-blocks-info-box-learnmore:focus{color:#ffffff;background:#444444;border-color:#444444;}@media all and (max-width: 1024px){.kt-info-box7760_2b6f22-81 .kt-blocks-info-box-link-wrap{border-top:3px solid var(--nv-light-bg);border-right:3px solid var(--nv-light-bg);border-bottom:3px solid var(--nv-light-bg);border-left:3px solid var(--nv-light-bg);}}@media all and (max-width: 767px){.kt-info-box7760_2b6f22-81 .kt-blocks-info-box-link-wrap{border-top:3px solid var(--nv-light-bg);border-right:3px solid var(--nv-light-bg);border-bottom:3px solid var(--nv-light-bg);border-left:3px solid var(--nv-light-bg);}}<\/style>\n<div class=\"wp-block-kadence-infobox kt-info-box7760_2b6f22-81\"><div class=\"kt-blocks-info-box-link-wrap kt-blocks-info-box-media-align-top kt-info-halign-left\"><div class=\"kt-blocks-info-box-media-container\"><div class=\"kt-blocks-info-box-media kt-info-media-animate-none\"><div class=\"kadence-info-box-icon-container kt-info-icon-animate-none\"><div class=\"kadence-info-box-icon-inner-container\"><span class=\"kb-svg-icon-wrap kb-svg-icon-fe_mail kt-info-svg-icon\"><svg viewbox=\"0 0 24 24\"  fill=\"none\" stroke=\"currentColor\" stroke-width=\"2\" stroke-linecap=\"round\" stroke-linejoin=\"round\" xmlns=\"http:\/\/www.w3.org\/2000\/svg\"  aria-hidden=\"true\"><path d=\"M4 4h16c1.1 0 2 .9 2 2v12c0 1.1-.9 2-2 2H4c-1.1 0-2-.9-2-2V6c0-1.1.9-2 2-2z\"\/><polyline points=\"22,6 12,13 2,6\"\/><\/svg><\/span><\/div><\/div><\/div><\/div><div class=\"kt-infobox-textcontent\"><h5 class=\"kt-blocks-info-box-title\">Would you like to learn more about the BATTERS project?<\/h5><p class=\"kt-blocks-info-box-text translation-block\">Contact us at <a target=\"_self\">info@weloop.org<\/a><\/p><\/div><\/div><\/div>\n\n\n\n<p><\/p>","protected":false},"excerpt":{"rendered":"<p class=\"translation-block\">The <strong>second phase<\/strong> of the BATTERS project, led by <strong>WeLOOP and Ailoop<\/strong>, aims to further structure and energise the battery sector in the Hauts-de-France region by addressing environmental, economic, and societal challenges, as well as the criticality of raw materials.<\/p>","protected":false},"author":3,"featured_media":7763,"comment_status":"closed","ping_status":"closed","sticky":false,"template":"","format":"standard","meta":{"_uag_custom_page_level_css":"","neve_meta_sidebar":"","neve_meta_container":"","neve_meta_enable_content_width":"","neve_meta_content_width":0,"neve_meta_title_alignment":"","neve_meta_author_avatar":"","neve_post_elements_order":"","neve_meta_disable_header":"","neve_meta_disable_footer":"","neve_meta_disable_title":"","neve_meta_reading_time":"","_themeisle_gutenberg_block_has_review":false,"_ti_tpc_template_sync":false,"_ti_tpc_template_id":"","footnotes":""},"categories":[109],"tags":[114,123],"class_list":["post-7760","post","type-post","status-publish","format-standard","has-post-thumbnail","hentry","category-projets-et-cas-clients","tag-batteries","tag-batters"],"yoast_head":"<!-- This site is optimized with the Yoast SEO Premium plugin v27.4 (Yoast SEO v27.5) - https:\/\/yoast.com\/product\/yoast-seo-premium-wordpress\/ -->\n<title>Projet BATTERS pour la R\u00e9gion Hauts-de-France (2025 - 2028)<\/title>\n<meta name=\"description\" content=\"Le projet BATTERS vise \u00e0 continuer la structuration et la dynamisationde la fili\u00e8re des batteries dans les Hauts-de-France\" \/>\n<meta name=\"robots\" content=\"index, follow, max-snippet:-1, max-image-preview:large, max-video-preview:-1\" \/>\n<link rel=\"canonical\" href=\"https:\/\/www.weloop.org\/en\/batters-project-phase-2\/\" \/>\n<meta property=\"og:locale\" content=\"en_US\" \/>\n<meta property=\"og:type\" content=\"article\" \/>\n<meta property=\"og:title\" content=\"Projet BATTERS pour la R\u00e9gion Hauts-de-France (2025 - 2028)\" \/>\n<meta property=\"og:description\" content=\"Blog | Analyse du Cycle de Vie (ACV), \u00e9conomie circulaire et \u00e9co-conception\" \/>\n<meta property=\"og:url\" content=\"https:\/\/www.weloop.org\/en\/batters-project-phase-2\/\" \/>\n<meta property=\"og:site_name\" content=\"WeLOOP\" \/>\n<meta property=\"article:published_time\" content=\"2025-04-04T10:01:29+00:00\" \/>\n<meta property=\"article:modified_time\" content=\"2026-03-26T16:18:06+00:00\" \/>\n<meta property=\"og:image\" content=\"https:\/\/www.weloop.org\/wp-content\/uploads\/2025\/03\/batters-logo-.png\" \/>\n\t<meta property=\"og:image:width\" content=\"2526\" \/>\n\t<meta property=\"og:image:height\" content=\"1785\" \/>\n\t<meta property=\"og:image:type\" content=\"image\/png\" \/>\n<meta name=\"author\" content=\"l.devisme\" \/>\n<meta name=\"twitter:card\" content=\"summary_large_image\" \/>\n<meta name=\"twitter:label1\" content=\"Written by\" \/>\n\t<meta name=\"twitter:data1\" content=\"l.devisme\" \/>\n\t<meta name=\"twitter:label2\" content=\"Est. reading time\" \/>\n\t<meta name=\"twitter:data2\" content=\"6 minutes\" \/>\n<script type=\"application\/ld+json\" class=\"yoast-schema-graph\">{\"@context\":\"https:\\\/\\\/schema.org\",\"@graph\":[{\"@type\":\"Article\",\"@id\":\"https:\\\/\\\/www.weloop.org\\\/projet-batters-phase-2\\\/#article\",\"isPartOf\":{\"@id\":\"https:\\\/\\\/www.weloop.org\\\/projet-batters-phase-2\\\/\"},\"author\":{\"name\":\"l.devisme\",\"@id\":\"https:\\\/\\\/www.v2.weloop.org\\\/#\\\/schema\\\/person\\\/18c2f63e2606e5c0c5d1ca0e25fa39c7\"},\"headline\":\"Projet BATTERS pour la R\u00e9gion Hauts-de-France (2025 &#8211; 2028)\",\"datePublished\":\"2025-04-04T10:01:29+00:00\",\"dateModified\":\"2026-03-26T16:18:06+00:00\",\"mainEntityOfPage\":{\"@id\":\"https:\\\/\\\/www.weloop.org\\\/projet-batters-phase-2\\\/\"},\"wordCount\":914,\"publisher\":{\"@id\":\"https:\\\/\\\/www.v2.weloop.org\\\/#organization\"},\"image\":{\"@id\":\"https:\\\/\\\/www.weloop.org\\\/projet-batters-phase-2\\\/#primaryimage\"},\"thumbnailUrl\":\"https:\\\/\\\/www.weloop.org\\\/wp-content\\\/uploads\\\/2025\\\/03\\\/batters-logo-.png\",\"keywords\":[\"Batteries et mobilit\u00e9\",\"Projet BATTERS\"],\"articleSection\":[\"Nos projets\"],\"inLanguage\":\"en-US\"},{\"@type\":\"WebPage\",\"@id\":\"https:\\\/\\\/www.weloop.org\\\/projet-batters-phase-2\\\/\",\"url\":\"https:\\\/\\\/www.weloop.org\\\/projet-batters-phase-2\\\/\",\"name\":\"Projet BATTERS pour la R\u00e9gion Hauts-de-France (2025 - 2028)\",\"isPartOf\":{\"@id\":\"https:\\\/\\\/www.v2.weloop.org\\\/#website\"},\"primaryImageOfPage\":{\"@id\":\"https:\\\/\\\/www.weloop.org\\\/projet-batters-phase-2\\\/#primaryimage\"},\"image\":{\"@id\":\"https:\\\/\\\/www.weloop.org\\\/projet-batters-phase-2\\\/#primaryimage\"},\"thumbnailUrl\":\"https:\\\/\\\/www.weloop.org\\\/wp-content\\\/uploads\\\/2025\\\/03\\\/batters-logo-.png\",\"datePublished\":\"2025-04-04T10:01:29+00:00\",\"dateModified\":\"2026-03-26T16:18:06+00:00\",\"description\":\"Le projet BATTERS vise \u00e0 continuer la structuration et la dynamisationde la fili\u00e8re des batteries dans les Hauts-de-France\",\"breadcrumb\":{\"@id\":\"https:\\\/\\\/www.weloop.org\\\/projet-batters-phase-2\\\/#breadcrumb\"},\"inLanguage\":\"en-US\",\"potentialAction\":[{\"@type\":\"ReadAction\",\"target\":[\"https:\\\/\\\/www.weloop.org\\\/projet-batters-phase-2\\\/\"]}]},{\"@type\":\"ImageObject\",\"inLanguage\":\"en-US\",\"@id\":\"https:\\\/\\\/www.weloop.org\\\/projet-batters-phase-2\\\/#primaryimage\",\"url\":\"https:\\\/\\\/www.weloop.org\\\/wp-content\\\/uploads\\\/2025\\\/03\\\/batters-logo-.png\",\"contentUrl\":\"https:\\\/\\\/www.weloop.org\\\/wp-content\\\/uploads\\\/2025\\\/03\\\/batters-logo-.png\",\"width\":2526,\"height\":1785},{\"@type\":\"BreadcrumbList\",\"@id\":\"https:\\\/\\\/www.weloop.org\\\/projet-batters-phase-2\\\/#breadcrumb\",\"itemListElement\":[{\"@type\":\"ListItem\",\"position\":1,\"name\":\"Accueil\",\"item\":\"https:\\\/\\\/www.weloop.org\\\/\"},{\"@type\":\"ListItem\",\"position\":2,\"name\":\"Projet BATTERS pour la R\u00e9gion Hauts-de-France (2025 &#8211; 2028)\"}]},{\"@type\":\"WebSite\",\"@id\":\"https:\\\/\\\/www.v2.weloop.org\\\/#website\",\"url\":\"https:\\\/\\\/www.v2.weloop.org\\\/\",\"name\":\"WeLOOP\",\"description\":\"WeLOOP\",\"publisher\":{\"@id\":\"https:\\\/\\\/www.v2.weloop.org\\\/#organization\"},\"alternateName\":\"weloop\",\"potentialAction\":[{\"@type\":\"SearchAction\",\"target\":{\"@type\":\"EntryPoint\",\"urlTemplate\":\"https:\\\/\\\/www.v2.weloop.org\\\/?s={search_term_string}\"},\"query-input\":{\"@type\":\"PropertyValueSpecification\",\"valueRequired\":true,\"valueName\":\"search_term_string\"}}],\"inLanguage\":\"en-US\"},{\"@type\":\"Organization\",\"@id\":\"https:\\\/\\\/www.v2.weloop.org\\\/#organization\",\"name\":\"WeLOOP\",\"alternateName\":\"weloop\",\"url\":\"https:\\\/\\\/www.v2.weloop.org\\\/\",\"logo\":{\"@type\":\"ImageObject\",\"inLanguage\":\"en-US\",\"@id\":\"https:\\\/\\\/www.v2.weloop.org\\\/#\\\/schema\\\/logo\\\/image\\\/\",\"url\":\"https:\\\/\\\/www.weloop.org\\\/wp-content\\\/uploads\\\/2024\\\/04\\\/logoprincipal_1.png\",\"contentUrl\":\"https:\\\/\\\/www.weloop.org\\\/wp-content\\\/uploads\\\/2024\\\/04\\\/logoprincipal_1.png\",\"width\":2000,\"height\":1500,\"caption\":\"WeLOOP\"},\"image\":{\"@id\":\"https:\\\/\\\/www.v2.weloop.org\\\/#\\\/schema\\\/logo\\\/image\\\/\"},\"sameAs\":[\"https:\\\/\\\/www.linkedin.com\\\/company\\\/weloop\"],\"description\":\"Bureau d'expertise et d'innovation sp\u00e9cialis\u00e9 dans l'Analyse du Cycle de Vie et l'\u00e9conomie circulaire. WeLOOP WeLOOP accompagne les acteurs priv\u00e9s et publics dans leurs projets d\u2019\u00e9conomie circulaire et de management de cycle de vie, de la d\u00e9finition de la strat\u00e9gie \u00e0 sa mise en place.\",\"email\":\"info@weloop.org\",\"telephone\":\"+33981857682\",\"legalName\":\"WeLOOP\",\"foundingDate\":\"2017-06-12\",\"numberOfEmployees\":{\"@type\":\"QuantitativeValue\",\"minValue\":\"11\",\"maxValue\":\"50\"}},{\"@type\":\"Person\",\"@id\":\"https:\\\/\\\/www.v2.weloop.org\\\/#\\\/schema\\\/person\\\/18c2f63e2606e5c0c5d1ca0e25fa39c7\",\"name\":\"l.devisme\",\"image\":{\"@type\":\"ImageObject\",\"inLanguage\":\"en-US\",\"@id\":\"https:\\\/\\\/secure.gravatar.com\\\/avatar\\\/add4e72657ce0b4f424ab7b449c74569c005c94b4a42e0638bb1b0e6218da863?s=96&d=mm&r=g\",\"url\":\"https:\\\/\\\/secure.gravatar.com\\\/avatar\\\/add4e72657ce0b4f424ab7b449c74569c005c94b4a42e0638bb1b0e6218da863?s=96&d=mm&r=g\",\"contentUrl\":\"https:\\\/\\\/secure.gravatar.com\\\/avatar\\\/add4e72657ce0b4f424ab7b449c74569c005c94b4a42e0638bb1b0e6218da863?s=96&d=mm&r=g\",\"caption\":\"l.devisme\"},\"url\":\"https:\\\/\\\/www.weloop.org\\\/en\\\/author\\\/l-devisme\\\/\"}]}<\/script>\n<!-- \/ Yoast SEO Premium plugin. -->","yoast_head_json":{"title":"Projet BATTERS pour la R\u00e9gion Hauts-de-France (2025 - 2028)","description":"Le projet BATTERS vise \u00e0 continuer la structuration et la dynamisationde la fili\u00e8re des batteries dans les Hauts-de-France","robots":{"index":"index","follow":"follow","max-snippet":"max-snippet:-1","max-image-preview":"max-image-preview:large","max-video-preview":"max-video-preview:-1"},"canonical":"https:\/\/www.weloop.org\/en\/batters-project-phase-2\/","og_locale":"en_US","og_type":"article","og_title":"Projet BATTERS pour la R\u00e9gion Hauts-de-France (2025 - 2028)","og_description":"Blog | Analyse du Cycle de Vie (ACV), \u00e9conomie circulaire et \u00e9co-conception","og_url":"https:\/\/www.weloop.org\/en\/batters-project-phase-2\/","og_site_name":"WeLOOP","article_published_time":"2025-04-04T10:01:29+00:00","article_modified_time":"2026-03-26T16:18:06+00:00","og_image":[{"width":2526,"height":1785,"url":"https:\/\/www.weloop.org\/wp-content\/uploads\/2025\/03\/batters-logo-.png","type":"image\/png"}],"author":"l.devisme","twitter_card":"summary_large_image","twitter_misc":{"Written by":"l.devisme","Est. reading time":"6 minutes"},"schema":{"@context":"https:\/\/schema.org","@graph":[{"@type":"Article","@id":"https:\/\/www.weloop.org\/projet-batters-phase-2\/#article","isPartOf":{"@id":"https:\/\/www.weloop.org\/projet-batters-phase-2\/"},"author":{"name":"l.devisme","@id":"https:\/\/www.v2.weloop.org\/#\/schema\/person\/18c2f63e2606e5c0c5d1ca0e25fa39c7"},"headline":"Projet BATTERS pour la R\u00e9gion Hauts-de-France (2025 &#8211; 2028)","datePublished":"2025-04-04T10:01:29+00:00","dateModified":"2026-03-26T16:18:06+00:00","mainEntityOfPage":{"@id":"https:\/\/www.weloop.org\/projet-batters-phase-2\/"},"wordCount":914,"publisher":{"@id":"https:\/\/www.v2.weloop.org\/#organization"},"image":{"@id":"https:\/\/www.weloop.org\/projet-batters-phase-2\/#primaryimage"},"thumbnailUrl":"https:\/\/www.weloop.org\/wp-content\/uploads\/2025\/03\/batters-logo-.png","keywords":["Batteries et mobilit\u00e9","Projet BATTERS"],"articleSection":["Nos projets"],"inLanguage":"en-US"},{"@type":"WebPage","@id":"https:\/\/www.weloop.org\/projet-batters-phase-2\/","url":"https:\/\/www.weloop.org\/projet-batters-phase-2\/","name":"Projet BATTERS pour la R\u00e9gion Hauts-de-France (2025 - 2028)","isPartOf":{"@id":"https:\/\/www.v2.weloop.org\/#website"},"primaryImageOfPage":{"@id":"https:\/\/www.weloop.org\/projet-batters-phase-2\/#primaryimage"},"image":{"@id":"https:\/\/www.weloop.org\/projet-batters-phase-2\/#primaryimage"},"thumbnailUrl":"https:\/\/www.weloop.org\/wp-content\/uploads\/2025\/03\/batters-logo-.png","datePublished":"2025-04-04T10:01:29+00:00","dateModified":"2026-03-26T16:18:06+00:00","description":"Le projet BATTERS vise \u00e0 continuer la structuration et la dynamisationde la fili\u00e8re des batteries dans les Hauts-de-France","breadcrumb":{"@id":"https:\/\/www.weloop.org\/projet-batters-phase-2\/#breadcrumb"},"inLanguage":"en-US","potentialAction":[{"@type":"ReadAction","target":["https:\/\/www.weloop.org\/projet-batters-phase-2\/"]}]},{"@type":"ImageObject","inLanguage":"en-US","@id":"https:\/\/www.weloop.org\/projet-batters-phase-2\/#primaryimage","url":"https:\/\/www.weloop.org\/wp-content\/uploads\/2025\/03\/batters-logo-.png","contentUrl":"https:\/\/www.weloop.org\/wp-content\/uploads\/2025\/03\/batters-logo-.png","width":2526,"height":1785},{"@type":"BreadcrumbList","@id":"https:\/\/www.weloop.org\/projet-batters-phase-2\/#breadcrumb","itemListElement":[{"@type":"ListItem","position":1,"name":"Accueil","item":"https:\/\/www.weloop.org\/"},{"@type":"ListItem","position":2,"name":"Projet BATTERS pour la R\u00e9gion Hauts-de-France (2025 &#8211; 2028)"}]},{"@type":"WebSite","@id":"https:\/\/www.v2.weloop.org\/#website","url":"https:\/\/www.v2.weloop.org\/","name":"WeLOOP","description":"WeLOOP","publisher":{"@id":"https:\/\/www.v2.weloop.org\/#organization"},"alternateName":"weloop","potentialAction":[{"@type":"SearchAction","target":{"@type":"EntryPoint","urlTemplate":"https:\/\/www.v2.weloop.org\/?s={search_term_string}"},"query-input":{"@type":"PropertyValueSpecification","valueRequired":true,"valueName":"search_term_string"}}],"inLanguage":"en-US"},{"@type":"Organization","@id":"https:\/\/www.v2.weloop.org\/#organization","name":"WeLOOP","alternateName":"weloop","url":"https:\/\/www.v2.weloop.org\/","logo":{"@type":"ImageObject","inLanguage":"en-US","@id":"https:\/\/www.v2.weloop.org\/#\/schema\/logo\/image\/","url":"https:\/\/www.weloop.org\/wp-content\/uploads\/2024\/04\/logoprincipal_1.png","contentUrl":"https:\/\/www.weloop.org\/wp-content\/uploads\/2024\/04\/logoprincipal_1.png","width":2000,"height":1500,"caption":"WeLOOP"},"image":{"@id":"https:\/\/www.v2.weloop.org\/#\/schema\/logo\/image\/"},"sameAs":["https:\/\/www.linkedin.com\/company\/weloop"],"description":"WeLOOP is an expert and innovation consultancy specialising in Life Cycle Assessment and circular economy. The organisation supports both private and public stakeholders in their circular economy and life cycle management projects, from strategy definition through to implementation.","email":"info@weloop.org","telephone":"+33981857682","legalName":"WeLOOP","foundingDate":"2017-06-12","numberOfEmployees":{"@type":"QuantitativeValue","minValue":"11","maxValue":"50"}},{"@type":"Person","@id":"https:\/\/www.v2.weloop.org\/#\/schema\/person\/18c2f63e2606e5c0c5d1ca0e25fa39c7","name":"l.devisme","image":{"@type":"ImageObject","inLanguage":"en-US","@id":"https:\/\/secure.gravatar.com\/avatar\/add4e72657ce0b4f424ab7b449c74569c005c94b4a42e0638bb1b0e6218da863?s=96&d=mm&r=g","url":"https:\/\/secure.gravatar.com\/avatar\/add4e72657ce0b4f424ab7b449c74569c005c94b4a42e0638bb1b0e6218da863?s=96&d=mm&r=g","contentUrl":"https:\/\/secure.gravatar.com\/avatar\/add4e72657ce0b4f424ab7b449c74569c005c94b4a42e0638bb1b0e6218da863?s=96&d=mm&r=g","caption":"l.devisme"},"url":"https:\/\/www.weloop.org\/en\/author\/l-devisme\/"}]}},"uagb_featured_image_src":{"full":["https:\/\/www.weloop.org\/wp-content\/uploads\/2025\/03\/batters-logo-.png",2526,1785,false],"thumbnail":["https:\/\/www.weloop.org\/wp-content\/uploads\/2025\/03\/batters-logo--150x150.png",150,150,true],"medium":["https:\/\/www.weloop.org\/wp-content\/uploads\/2025\/03\/batters-logo--300x212.png",300,212,true],"medium_large":["https:\/\/www.weloop.org\/wp-content\/uploads\/2025\/03\/batters-logo--768x543.png",768,543,true],"large":["https:\/\/www.weloop.org\/wp-content\/uploads\/2025\/03\/batters-logo--1024x724.png",1024,724,true],"1536x1536":["https:\/\/www.weloop.org\/wp-content\/uploads\/2025\/03\/batters-logo--1536x1085.png",1536,1085,true],"2048x2048":["https:\/\/www.weloop.org\/wp-content\/uploads\/2025\/03\/batters-logo--2048x1447.png",2048,1447,true],"trp-custom-language-flag":["https:\/\/www.weloop.org\/wp-content\/uploads\/2025\/03\/batters-logo--18x12.png",18,12,true],"neve-blog":["https:\/\/www.weloop.org\/wp-content\/uploads\/2025\/03\/batters-logo--930x620.png",930,620,true]},"uagb_author_info":{"display_name":"l.devisme","author_link":"https:\/\/www.weloop.org\/en\/author\/l-devisme\/"},"uagb_comment_info":0,"uagb_excerpt":"La phase 2 du projet BATTERS, port\u00e9 par WeLOOP et Ailoop, vise \u00e0 continuer la structuration et la dynamisation de la fili\u00e8re des batteries dans les Hauts-de-France en r\u00e9pondant aux d\u00e9fis environnementaux, \u00e9conomiques et soci\u00e9taux, ainsi qu\u2019\u00e0 la criticit\u00e9 des mati\u00e8res premi\u00e8res.","_links":{"self":[{"href":"https:\/\/www.weloop.org\/en\/wp-json\/wp\/v2\/posts\/7760","targetHints":{"allow":["GET"]}}],"collection":[{"href":"https:\/\/www.weloop.org\/en\/wp-json\/wp\/v2\/posts"}],"about":[{"href":"https:\/\/www.weloop.org\/en\/wp-json\/wp\/v2\/types\/post"}],"author":[{"embeddable":true,"href":"https:\/\/www.weloop.org\/en\/wp-json\/wp\/v2\/users\/3"}],"replies":[{"embeddable":true,"href":"https:\/\/www.weloop.org\/en\/wp-json\/wp\/v2\/comments?post=7760"}],"version-history":[{"count":27,"href":"https:\/\/www.weloop.org\/en\/wp-json\/wp\/v2\/posts\/7760\/revisions"}],"predecessor-version":[{"id":11461,"href":"https:\/\/www.weloop.org\/en\/wp-json\/wp\/v2\/posts\/7760\/revisions\/11461"}],"wp:featuredmedia":[{"embeddable":true,"href":"https:\/\/www.weloop.org\/en\/wp-json\/wp\/v2\/media\/7763"}],"wp:attachment":[{"href":"https:\/\/www.weloop.org\/en\/wp-json\/wp\/v2\/media?parent=7760"}],"wp:term":[{"taxonomy":"category","embeddable":true,"href":"https:\/\/www.weloop.org\/en\/wp-json\/wp\/v2\/categories?post=7760"},{"taxonomy":"post_tag","embeddable":true,"href":"https:\/\/www.weloop.org\/en\/wp-json\/wp\/v2\/tags?post=7760"}],"curies":[{"name":"wp","href":"https:\/\/api.w.org\/{rel}","templated":true}]}}