{"id":7773,"date":"2025-04-07T13:02:32","date_gmt":"2025-04-07T13:02:32","guid":{"rendered":"https:\/\/www.weloop.org\/?p=7773"},"modified":"2025-08-05T14:21:02","modified_gmt":"2025-08-05T14:21:02","slug":"batters-project-for-the-hauts-de-france-region-2022-2023","status":"publish","type":"post","link":"https:\/\/www.weloop.org\/en\/projet-batters-pour-la-region-hauts-de-france-2022-2023\/","title":{"rendered":"BATTERS Project for the Hauts-de-France Region (2022\u20132023)"},"content":{"rendered":"<p><\/p>\n\n\n<style>.kb-row-layout-id7773_100189-53 > .kt-row-column-wrap{align-content:center;}:where(.kb-row-layout-id7773_100189-53 > .kt-row-column-wrap) > .wp-block-kadence-column{justify-content:center;}.kb-row-layout-id7773_100189-53 > .kt-row-column-wrap{column-gap:var(--global-kb-gap-md, 2rem);row-gap:var(--global-kb-gap-md, 2rem);max-width:1100px;margin-left:auto;margin-right:auto;padding-top:var(--global-kb-spacing-lg, 3rem);padding-bottom:var(--global-kb-spacing-md, 2rem);grid-template-columns:minmax(0, 1fr);}.kb-row-layout-id7773_100189-53 > .kt-row-layout-overlay{opacity:1;background-color:var(--nv-dark-bg);}@media all and (max-width: 1024px){.kb-row-layout-id7773_100189-53 > .kt-row-column-wrap{grid-template-columns:minmax(0, 1fr);}}@media all and (max-width: 767px){.kb-row-layout-id7773_100189-53 > .kt-row-column-wrap{grid-template-columns:minmax(0, 1fr);}}<\/style><div class=\"kb-row-layout-wrap kb-row-layout-id7773_100189-53 alignfull kt-row-has-bg wp-block-kadence-rowlayout\"><div class=\"kt-row-layout-overlay kt-row-overlay-normal\"><\/div><div class=\"kt-row-column-wrap kt-has-1-columns kt-row-layout-equal kt-tab-layout-inherit kt-mobile-layout-row kt-row-valign-middle\">\n<style>.kadence-column7773_0c9e28-b0 > .kt-inside-inner-col,.kadence-column7773_0c9e28-b0 > .kt-inside-inner-col:before{border-top-left-radius:0px;border-top-right-radius:0px;border-bottom-right-radius:0px;border-bottom-left-radius:0px;}.kadence-column7773_0c9e28-b0 > .kt-inside-inner-col{column-gap:var(--global-kb-gap-sm, 1rem);}.kadence-column7773_0c9e28-b0 > .kt-inside-inner-col{flex-direction:column;}.kadence-column7773_0c9e28-b0 > .kt-inside-inner-col > .aligncenter{width:100%;}.kadence-column7773_0c9e28-b0 > .kt-inside-inner-col:before{opacity:0.3;}.kadence-column7773_0c9e28-b0{position:relative;}@media all and (max-width: 1024px){.kadence-column7773_0c9e28-b0 > .kt-inside-inner-col{flex-direction:column;justify-content:center;}}@media all and (max-width: 767px){.kadence-column7773_0c9e28-b0 > .kt-inside-inner-col{flex-direction:column;justify-content:center;}}<\/style>\n<div class=\"wp-block-kadence-column kadence-column7773_0c9e28-b0\"><div class=\"kt-inside-inner-col\">\n<h2 class=\"wp-block-heading has-text-align-center has-nv-text-dark-bg-color has-text-color has-link-color wp-elements-c3641904e658e8065847e3938cb13afb\" id=\"h-projet-batters-pour-la-region-hauts-de-france-2022-2023\">BATTERS Project for the Hauts-de-France Region (2022\u20132023)<\/h2>\n\n\n\n<p class=\"has-text-align-center has-nv-text-dark-bg-color has-text-color has-link-color wp-elements-2a9deddcdc6ec35d63ade680c66760c0\"><strong>To structure and energise the battery sector in the Hauts-de-France region while addressing environmental and economic challenges.<\/strong><\/p>\n\n\n\n<p class=\"has-text-align-center has-nv-text-dark-bg-color has-text-color has-link-color wp-elements-aa3af177617c080b99dec370f8efa825\">04\/04\/2025<\/p>\n<\/div><\/div>\n\n<\/div><\/div>\n\n\n<div style=\"height:66px\" aria-hidden=\"true\" class=\"wp-block-spacer\"><\/div>\n\n\n\n<h4 class=\"wp-block-heading has-text-align-left\" id=\"h-le-projet\"><strong>The project<\/strong><\/h4>\n\n\n\n<hr class=\"wp-block-separator has-text-color has-neve-link-hover-color-color has-alpha-channel-opacity has-neve-link-hover-color-background-color has-background is-style-wide\"\/>\n\n\n\n<div style=\"height:20px\" aria-hidden=\"true\" class=\"wp-block-spacer\"><\/div>\n\n\n\n<div class=\"wp-block-columns is-layout-flex wp-container-core-columns-is-layout-9d6595d7 wp-block-columns-is-layout-flex\">\n<div class=\"wp-block-column is-vertically-aligned-top is-layout-flow wp-block-column-is-layout-flow\" style=\"flex-basis:33.33%\">\n<figure class=\"wp-block-image size-large is-resized\"><img loading=\"lazy\" decoding=\"async\" width=\"1024\" height=\"724\" src=\"https:\/\/www.weloop.org\/wp-content\/uploads\/2025\/03\/batters-logo--1024x724.png\" alt=\"\" class=\"wp-image-7763\" style=\"width:226px;height:auto\" srcset=\"https:\/\/www.weloop.org\/wp-content\/uploads\/2025\/03\/batters-logo--1024x724.png 1024w, https:\/\/www.weloop.org\/wp-content\/uploads\/2025\/03\/batters-logo--300x212.png 300w, https:\/\/www.weloop.org\/wp-content\/uploads\/2025\/03\/batters-logo--768x543.png 768w, https:\/\/www.weloop.org\/wp-content\/uploads\/2025\/03\/batters-logo--1536x1085.png 1536w, https:\/\/www.weloop.org\/wp-content\/uploads\/2025\/03\/batters-logo--2048x1447.png 2048w, https:\/\/www.weloop.org\/wp-content\/uploads\/2025\/03\/batters-logo--18x12.png 18w\" sizes=\"auto, (max-width: 1024px) 100vw, 1024px\" \/><\/figure>\n<\/div>\n\n\n\n<div class=\"wp-block-column is-layout-flow wp-block-column-is-layout-flow\" style=\"flex-basis:66.66%\">\n<p class=\"has-custom-1-background-color has-background translation-block\">The <strong>BATTERS project<\/strong>, funded by the Regional Funds for the Amplification of the Third Industrial Revolution, ran from January 2022 to July 2023. Its main objective was to develop, in collaboration with <strong>regional stakeholders across the battery value chain<\/strong>, a roadmap to position the Hauts-de-France Region as a <strong>key player in innovation and the circular economy<\/strong> within this sector.<\/p>\n<\/div>\n<\/div>\n\n\n\n<p>Project stages and work carried out:&nbsp;<\/p>\n\n\n\n<ul class=\"wp-block-list\">\n<li class=\"translation-block\"><strong>State of the art and market study<\/strong>: battery technologies, usage, prospective evolution scenarios, recycling technologies<\/li>\n<\/ul>\n\n\n\n<ul class=\"wp-block-list\">\n<li class=\"translation-block\"><strong>Regulatory monitoring<\/strong>: tracking the new European regulations<\/li>\n<\/ul>\n\n\n\n<ul class=\"wp-block-list\">\n<li class=\"translation-block\"><strong>Engagement with stakeholders<\/strong> (industrial players, laboratories, scientific community)<\/li>\n<\/ul>\n\n\n\n<ul class=\"wp-block-list\">\n<li class=\"translation-block\"><strong>Territorial LCA<\/strong>: conducting a Life Cycle Assessment of the annual battery activity at the scale of the Hauts-de-France Region within a stable future market (2070)<\/li>\n<\/ul>\n\n\n\n<ul class=\"wp-block-list\">\n<li class=\"translation-block\"><strong>Social screening<\/strong>: identifying, with various stakeholders across the battery value chain in France, the relevant impact categories for Social Life Cycle Assessment (S-LCA)<\/li>\n<\/ul>\n\n\n\n<ul class=\"wp-block-list\">\n<li class=\"translation-block\"><strong>Roadmap<\/strong>: synthesising all the work into a strategic roadmap for the Hauts-de-France Region<\/li>\n<\/ul>\n\n\n\n<div style=\"height:40px\" aria-hidden=\"true\" class=\"wp-block-spacer\"><\/div>\n\n\n\n<h4 class=\"wp-block-heading has-text-align-left\" id=\"h-collaboration-avec-les-acteurs-de-la-chaine-de-valeurs-des-batteries\"><strong><strong>Collaboration with stakeholders across the battery value chain<\/strong><\/strong><\/h4>\n\n\n\n<hr class=\"wp-block-separator has-text-color has-neve-link-hover-color-color has-alpha-channel-opacity has-neve-link-hover-color-background-color has-background is-style-wide\"\/>\n\n\n\n<div style=\"height:20px\" aria-hidden=\"true\" class=\"wp-block-spacer\"><\/div>\n\n\n\n<p class=\"translation-block\">The project revolved around <strong>three major meetings<\/strong> that brought together key players from the battery value chain in France.<\/p>\n\n\n\n<figure class=\"wp-block-image size-large\"><img loading=\"lazy\" decoding=\"async\" width=\"1024\" height=\"545\" src=\"https:\/\/www.weloop.org\/wp-content\/uploads\/2025\/04\/Batters-partenaires-projet-1-1024x545.png\" alt=\"\" class=\"wp-image-7779\" srcset=\"https:\/\/www.weloop.org\/wp-content\/uploads\/2025\/04\/Batters-partenaires-projet-1-1024x545.png 1024w, https:\/\/www.weloop.org\/wp-content\/uploads\/2025\/04\/Batters-partenaires-projet-1-300x160.png 300w, https:\/\/www.weloop.org\/wp-content\/uploads\/2025\/04\/Batters-partenaires-projet-1-768x409.png 768w, https:\/\/www.weloop.org\/wp-content\/uploads\/2025\/04\/Batters-partenaires-projet-1-1536x818.png 1536w, https:\/\/www.weloop.org\/wp-content\/uploads\/2025\/04\/Batters-partenaires-projet-1-18x10.png 18w, https:\/\/www.weloop.org\/wp-content\/uploads\/2025\/04\/Batters-partenaires-projet-1.png 1777w\" sizes=\"auto, (max-width: 1024px) 100vw, 1024px\" \/><\/figure>\n\n\n\n<div style=\"height:20px\" aria-hidden=\"true\" class=\"wp-block-spacer\"><\/div>\n\n\n\n<p class=\"translation-block\"><strong>Meeting 1<\/strong> \u2013 <a href=\"https:\/\/www.weloop.org\/fr\/premiere-reunion-projet-batters\/\" target=\"_self\">Presentation of the state of the art at the Hauts-de-France Region headquarters<\/a><\/p>\n\n\n\n<p class=\"translation-block\"><strong>Meeting 2<\/strong> \u2013 <a href=\"https:\/\/www.weloop.org\/fr\/atelier-batters-recyclage-dechets-production\/\" target=\"_self\">Online workshop on production waste<\/a><\/p>\n\n\n\n<p class=\"translation-block\"><strong>Meeting 3<\/strong> \u2013 <a href=\"https:\/\/www.weloop.org\/fr\/batters-acv-territoriale-et-feuille-de-route\/\" target=\"_self\">Presentation of the first results of the Territorial LCA and early stages of the roadmap<\/a><\/p>\n\n\n\n<div style=\"height:20px\" aria-hidden=\"true\" class=\"wp-block-spacer\"><\/div>\n\n\n\n<div class=\"wp-block-columns is-layout-flex wp-container-core-columns-is-layout-9d6595d7 wp-block-columns-is-layout-flex\">\n<div class=\"wp-block-column is-layout-flow wp-block-column-is-layout-flow\">\n<figure class=\"wp-block-image size-large is-resized\"><img loading=\"lazy\" decoding=\"async\" width=\"1024\" height=\"228\" src=\"https:\/\/www.weloop.org\/wp-content\/uploads\/2025\/03\/Logo_Region_HDF_partenaire-1024x228.jpg\" alt=\"\" class=\"wp-image-7767\" style=\"width:227px;height:auto\" srcset=\"https:\/\/www.weloop.org\/wp-content\/uploads\/2025\/03\/Logo_Region_HDF_partenaire-1024x228.jpg 1024w, https:\/\/www.weloop.org\/wp-content\/uploads\/2025\/03\/Logo_Region_HDF_partenaire-300x67.jpg 300w, https:\/\/www.weloop.org\/wp-content\/uploads\/2025\/03\/Logo_Region_HDF_partenaire-768x171.jpg 768w, https:\/\/www.weloop.org\/wp-content\/uploads\/2025\/03\/Logo_Region_HDF_partenaire-1536x342.jpg 1536w, https:\/\/www.weloop.org\/wp-content\/uploads\/2025\/03\/Logo_Region_HDF_partenaire-2048x455.jpg 2048w, https:\/\/www.weloop.org\/wp-content\/uploads\/2025\/03\/Logo_Region_HDF_partenaire-18x4.jpg 18w\" sizes=\"auto, (max-width: 1024px) 100vw, 1024px\" \/><\/figure>\n<\/div>\n\n\n\n<div class=\"wp-block-column is-layout-flow wp-block-column-is-layout-flow\"><\/div>\n<\/div>\n\n\n\n<div style=\"height:50px\" aria-hidden=\"true\" class=\"wp-block-spacer\"><\/div>\n\n\n<style>.wp-block-kadence-column.kb-section-dir-horizontal > .kt-inside-inner-col > .kt-info-box7773_7dceca-87{max-width:2000px;}.wp-block-kadence-column.kb-section-dir-horizontal > .kt-inside-inner-col > .kt-info-box7773_7dceca-87 .kt-blocks-info-box-link-wrap{max-width:unset;}.kt-info-box7773_7dceca-87 .kt-blocks-info-box-link-wrap{border-top:3px solid var(--nv-light-bg);border-right:3px solid var(--nv-light-bg);border-bottom:3px solid var(--nv-light-bg);border-left:3px solid var(--nv-light-bg);border-top-left-radius:20px;border-top-right-radius:20px;border-bottom-right-radius:20px;border-bottom-left-radius:20px;background:#ffffff;max-width:2000px;padding-top:var(--global-kb-spacing-sm, 1.5rem);padding-right:var(--global-kb-spacing-sm, 1.5rem);padding-bottom:var(--global-kb-spacing-sm, 1.5rem);padding-left:var(--global-kb-spacing-sm, 1.5rem);margin-top:50px;}.kt-info-box7773_7dceca-87 .kt-blocks-info-box-link-wrap:hover{background:#ffffff;}.kt-info-box7773_7dceca-87 .kadence-info-box-icon-container .kt-info-svg-icon, .kt-info-box7773_7dceca-87 .kt-info-svg-icon-flip, .kt-info-box7773_7dceca-87 .kt-blocks-info-box-number{font-size:50px;}.kt-info-box7773_7dceca-87 .kt-blocks-info-box-media{color:var(--nv-site-bg);background:var(--nv-c-1);border-color:var(--nv-c-1);border-radius:200px;overflow:hidden;border-top-width:5px;border-right-width:5px;border-bottom-width:5px;border-left-width:5px;padding-top:20px;padding-right:20px;padding-bottom:20px;padding-left:20px;}.kt-info-box7773_7dceca-87 .kt-blocks-info-box-media-container{margin-top:-75px;margin-right:0px;margin-bottom:20px;margin-left:0px;}.kt-info-box7773_7dceca-87 .kt-blocks-info-box-media .kadence-info-box-image-intrisic img{border-radius:200px;}.kt-info-box7773_7dceca-87 .kt-blocks-info-box-link-wrap:hover .kt-blocks-info-box-media{color:var(--nv-site-bg);background:var(--nv-c-1);border-color:var(--nv-c-1);}.kt-info-box7773_7dceca-87 .kt-infobox-textcontent h5.kt-blocks-info-box-title{padding-top:0px;padding-right:0px;padding-bottom:0px;padding-left:0px;margin-top:5px;margin-right:0px;margin-bottom:10px;margin-left:0px;}.kt-info-box7773_7dceca-87 .kt-infobox-textcontent .kt-blocks-info-box-text{color:var(--nv-dark-bg);}.wp-block-kadence-infobox.kt-info-box7773_7dceca-87 .kt-blocks-info-box-text{font-size:17px;}.kt-info-box7773_7dceca-87 .kt-blocks-info-box-learnmore{background:transparent;border-color:#555555;border-width:0px 0px 0px 0px;padding-top:4px;padding-right:8px;padding-bottom:4px;padding-left:8px;margin-top:10px;margin-right:0px;margin-bottom:10px;margin-left:0px;}.kt-info-box7773_7dceca-87 .kt-blocks-info-box-link-wrap:hover .kt-blocks-info-box-learnmore,.kt-info-box7773_7dceca-87 .kt-blocks-info-box-link-wrap .kt-blocks-info-box-learnmore:focus{color:#ffffff;background:#444444;border-color:#444444;}@media all and (max-width: 1024px){.kt-info-box7773_7dceca-87 .kt-blocks-info-box-link-wrap{border-top:3px solid var(--nv-light-bg);border-right:3px solid var(--nv-light-bg);border-bottom:3px solid var(--nv-light-bg);border-left:3px solid var(--nv-light-bg);}}@media all and (max-width: 767px){.kt-info-box7773_7dceca-87 .kt-blocks-info-box-link-wrap{border-top:3px solid var(--nv-light-bg);border-right:3px solid var(--nv-light-bg);border-bottom:3px solid var(--nv-light-bg);border-left:3px solid var(--nv-light-bg);}}<\/style>\n<div class=\"wp-block-kadence-infobox kt-info-box7773_7dceca-87\"><div class=\"kt-blocks-info-box-link-wrap kt-blocks-info-box-media-align-top kt-info-halign-left\"><div class=\"kt-blocks-info-box-media-container\"><div class=\"kt-blocks-info-box-media kt-info-media-animate-none\"><div class=\"kadence-info-box-icon-container kt-info-icon-animate-none\"><div class=\"kadence-info-box-icon-inner-container\"><span class=\"kb-svg-icon-wrap kb-svg-icon-fe_mail kt-info-svg-icon\"><svg viewbox=\"0 0 24 24\"  fill=\"none\" stroke=\"currentColor\" stroke-width=\"2\" stroke-linecap=\"round\" stroke-linejoin=\"round\" xmlns=\"http:\/\/www.w3.org\/2000\/svg\"  aria-hidden=\"true\"><path d=\"M4 4h16c1.1 0 2 .9 2 2v12c0 1.1-.9 2-2 2H4c-1.1 0-2-.9-2-2V6c0-1.1.9-2 2-2z\"\/><polyline points=\"22,6 12,13 2,6\"\/><\/svg><\/span><\/div><\/div><\/div><\/div><div class=\"kt-infobox-textcontent\"><h5 class=\"kt-blocks-info-box-title\">Would you like to learn more about the BATTERS project?<\/h5><p class=\"kt-blocks-info-box-text translation-block\">Contact us at <a target=\"_self\">info@weloop.org<\/a><\/p><\/div><\/div><\/div>\n\n\n\n<p><\/p>","protected":false},"excerpt":{"rendered":"<p>Le projet BATTERS, financ\u00e9 par les Fonds R\u00e9gionaux pour l\u2019Amplification de la Troisi\u00e8me R\u00e9volution Industrielle, s&rsquo;est d\u00e9roul\u00e9 de janvier 2022 \u00e0 juillet 2023<\/p>","protected":false},"author":3,"featured_media":7763,"comment_status":"open","ping_status":"open","sticky":false,"template":"","format":"standard","meta":{"_uag_custom_page_level_css":"","neve_meta_sidebar":"","neve_meta_container":"","neve_meta_enable_content_width":"","neve_meta_content_width":0,"neve_meta_title_alignment":"","neve_meta_author_avatar":"","neve_post_elements_order":"","neve_meta_disable_header":"","neve_meta_disable_footer":"","neve_meta_disable_title":"","neve_meta_reading_time":"","_themeisle_gutenberg_block_has_review":false,"_ti_tpc_template_sync":false,"_ti_tpc_template_id":"","footnotes":""},"categories":[109],"tags":[114,123],"class_list":["post-7773","post","type-post","status-publish","format-standard","has-post-thumbnail","hentry","category-projets-et-cas-clients","tag-batteries","tag-batters"],"yoast_head":"<!-- This site is optimized with the Yoast SEO Premium plugin v27.4 (Yoast SEO v27.5) - https:\/\/yoast.com\/product\/yoast-seo-premium-wordpress\/ -->\n<title>Projet BATTERS pour la R\u00e9gion Hauts-de-France (2022 - 2023)<\/title>\n<meta name=\"description\" content=\"Structurer et dynamiser la fili\u00e8re batteries dans les Hauts-de-France tout en relevant les d\u00e9fis environnementaux et \u00e9conomiques\" \/>\n<meta name=\"robots\" content=\"index, follow, max-snippet:-1, max-image-preview:large, max-video-preview:-1\" \/>\n<link rel=\"canonical\" href=\"https:\/\/www.weloop.org\/en\/batters-project-for-the-hauts-de-france-region-2022-2023\/\" \/>\n<meta property=\"og:locale\" content=\"en_US\" \/>\n<meta property=\"og:type\" content=\"article\" \/>\n<meta property=\"og:title\" content=\"Projet BATTERS pour la R\u00e9gion Hauts-de-France (2022 - 2023)\" \/>\n<meta property=\"og:description\" content=\"Blog | Analyse du Cycle de Vie (ACV), \u00e9conomie circulaire et \u00e9co-conception\" \/>\n<meta property=\"og:url\" content=\"https:\/\/www.weloop.org\/en\/batters-project-for-the-hauts-de-france-region-2022-2023\/\" \/>\n<meta property=\"og:site_name\" content=\"WeLOOP\" \/>\n<meta property=\"article:published_time\" content=\"2025-04-07T13:02:32+00:00\" \/>\n<meta property=\"article:modified_time\" content=\"2025-08-05T14:21:02+00:00\" \/>\n<meta property=\"og:image\" content=\"https:\/\/www.weloop.org\/wp-content\/uploads\/2025\/03\/batters-logo-.png\" \/>\n\t<meta property=\"og:image:width\" content=\"2526\" \/>\n\t<meta property=\"og:image:height\" content=\"1785\" \/>\n\t<meta property=\"og:image:type\" content=\"image\/png\" \/>\n<meta name=\"author\" content=\"l.devisme\" \/>\n<meta name=\"twitter:card\" content=\"summary_large_image\" \/>\n<meta name=\"twitter:label1\" content=\"Written by\" \/>\n\t<meta name=\"twitter:data1\" content=\"l.devisme\" \/>\n\t<meta name=\"twitter:label2\" content=\"Est. reading time\" \/>\n\t<meta name=\"twitter:data2\" content=\"3 minutes\" \/>\n<script type=\"application\/ld+json\" class=\"yoast-schema-graph\">{\"@context\":\"https:\\\/\\\/schema.org\",\"@graph\":[{\"@type\":\"Article\",\"@id\":\"https:\\\/\\\/www.weloop.org\\\/projet-batters-pour-la-region-hauts-de-france-2022-2023\\\/#article\",\"isPartOf\":{\"@id\":\"https:\\\/\\\/www.weloop.org\\\/projet-batters-pour-la-region-hauts-de-france-2022-2023\\\/\"},\"author\":{\"name\":\"l.devisme\",\"@id\":\"https:\\\/\\\/www.v2.weloop.org\\\/#\\\/schema\\\/person\\\/18c2f63e2606e5c0c5d1ca0e25fa39c7\"},\"headline\":\"Projet BATTERS pour la R\u00e9gion Hauts-de-France (2022 &#8211; 2023)\",\"datePublished\":\"2025-04-07T13:02:32+00:00\",\"dateModified\":\"2025-08-05T14:21:02+00:00\",\"mainEntityOfPage\":{\"@id\":\"https:\\\/\\\/www.weloop.org\\\/projet-batters-pour-la-region-hauts-de-france-2022-2023\\\/\"},\"wordCount\":352,\"commentCount\":0,\"publisher\":{\"@id\":\"https:\\\/\\\/www.v2.weloop.org\\\/#organization\"},\"image\":{\"@id\":\"https:\\\/\\\/www.weloop.org\\\/projet-batters-pour-la-region-hauts-de-france-2022-2023\\\/#primaryimage\"},\"thumbnailUrl\":\"https:\\\/\\\/www.weloop.org\\\/wp-content\\\/uploads\\\/2025\\\/03\\\/batters-logo-.png\",\"keywords\":[\"Batteries et mobilit\u00e9\",\"Projet BATTERS\"],\"articleSection\":[\"Nos projets\"],\"inLanguage\":\"en-US\",\"potentialAction\":[{\"@type\":\"CommentAction\",\"name\":\"Comment\",\"target\":[\"https:\\\/\\\/www.weloop.org\\\/projet-batters-pour-la-region-hauts-de-france-2022-2023\\\/#respond\"]}]},{\"@type\":\"WebPage\",\"@id\":\"https:\\\/\\\/www.weloop.org\\\/projet-batters-pour-la-region-hauts-de-france-2022-2023\\\/\",\"url\":\"https:\\\/\\\/www.weloop.org\\\/projet-batters-pour-la-region-hauts-de-france-2022-2023\\\/\",\"name\":\"Projet BATTERS pour la R\u00e9gion Hauts-de-France (2022 - 2023)\",\"isPartOf\":{\"@id\":\"https:\\\/\\\/www.v2.weloop.org\\\/#website\"},\"primaryImageOfPage\":{\"@id\":\"https:\\\/\\\/www.weloop.org\\\/projet-batters-pour-la-region-hauts-de-france-2022-2023\\\/#primaryimage\"},\"image\":{\"@id\":\"https:\\\/\\\/www.weloop.org\\\/projet-batters-pour-la-region-hauts-de-france-2022-2023\\\/#primaryimage\"},\"thumbnailUrl\":\"https:\\\/\\\/www.weloop.org\\\/wp-content\\\/uploads\\\/2025\\\/03\\\/batters-logo-.png\",\"datePublished\":\"2025-04-07T13:02:32+00:00\",\"dateModified\":\"2025-08-05T14:21:02+00:00\",\"description\":\"Structurer et dynamiser la fili\u00e8re batteries dans les Hauts-de-France tout en relevant les d\u00e9fis environnementaux et \u00e9conomiques\",\"breadcrumb\":{\"@id\":\"https:\\\/\\\/www.weloop.org\\\/projet-batters-pour-la-region-hauts-de-france-2022-2023\\\/#breadcrumb\"},\"inLanguage\":\"en-US\",\"potentialAction\":[{\"@type\":\"ReadAction\",\"target\":[\"https:\\\/\\\/www.weloop.org\\\/projet-batters-pour-la-region-hauts-de-france-2022-2023\\\/\"]}]},{\"@type\":\"ImageObject\",\"inLanguage\":\"en-US\",\"@id\":\"https:\\\/\\\/www.weloop.org\\\/projet-batters-pour-la-region-hauts-de-france-2022-2023\\\/#primaryimage\",\"url\":\"https:\\\/\\\/www.weloop.org\\\/wp-content\\\/uploads\\\/2025\\\/03\\\/batters-logo-.png\",\"contentUrl\":\"https:\\\/\\\/www.weloop.org\\\/wp-content\\\/uploads\\\/2025\\\/03\\\/batters-logo-.png\",\"width\":2526,\"height\":1785},{\"@type\":\"BreadcrumbList\",\"@id\":\"https:\\\/\\\/www.weloop.org\\\/projet-batters-pour-la-region-hauts-de-france-2022-2023\\\/#breadcrumb\",\"itemListElement\":[{\"@type\":\"ListItem\",\"position\":1,\"name\":\"Accueil\",\"item\":\"https:\\\/\\\/www.weloop.org\\\/\"},{\"@type\":\"ListItem\",\"position\":2,\"name\":\"Projet BATTERS pour la R\u00e9gion Hauts-de-France (2022 &#8211; 2023)\"}]},{\"@type\":\"WebSite\",\"@id\":\"https:\\\/\\\/www.v2.weloop.org\\\/#website\",\"url\":\"https:\\\/\\\/www.v2.weloop.org\\\/\",\"name\":\"WeLOOP\",\"description\":\"WeLOOP\",\"publisher\":{\"@id\":\"https:\\\/\\\/www.v2.weloop.org\\\/#organization\"},\"alternateName\":\"weloop\",\"potentialAction\":[{\"@type\":\"SearchAction\",\"target\":{\"@type\":\"EntryPoint\",\"urlTemplate\":\"https:\\\/\\\/www.v2.weloop.org\\\/?s={search_term_string}\"},\"query-input\":{\"@type\":\"PropertyValueSpecification\",\"valueRequired\":true,\"valueName\":\"search_term_string\"}}],\"inLanguage\":\"en-US\"},{\"@type\":\"Organization\",\"@id\":\"https:\\\/\\\/www.v2.weloop.org\\\/#organization\",\"name\":\"WeLOOP\",\"alternateName\":\"weloop\",\"url\":\"https:\\\/\\\/www.v2.weloop.org\\\/\",\"logo\":{\"@type\":\"ImageObject\",\"inLanguage\":\"en-US\",\"@id\":\"https:\\\/\\\/www.v2.weloop.org\\\/#\\\/schema\\\/logo\\\/image\\\/\",\"url\":\"https:\\\/\\\/www.weloop.org\\\/wp-content\\\/uploads\\\/2024\\\/04\\\/logoprincipal_1.png\",\"contentUrl\":\"https:\\\/\\\/www.weloop.org\\\/wp-content\\\/uploads\\\/2024\\\/04\\\/logoprincipal_1.png\",\"width\":2000,\"height\":1500,\"caption\":\"WeLOOP\"},\"image\":{\"@id\":\"https:\\\/\\\/www.v2.weloop.org\\\/#\\\/schema\\\/logo\\\/image\\\/\"},\"sameAs\":[\"https:\\\/\\\/www.linkedin.com\\\/company\\\/weloop\"],\"description\":\"Bureau d'expertise et d'innovation sp\u00e9cialis\u00e9 dans l'Analyse du Cycle de Vie et l'\u00e9conomie circulaire. WeLOOP WeLOOP accompagne les acteurs priv\u00e9s et publics dans leurs projets d\u2019\u00e9conomie circulaire et de management de cycle de vie, de la d\u00e9finition de la strat\u00e9gie \u00e0 sa mise en place.\",\"email\":\"info@weloop.org\",\"telephone\":\"+33981857682\",\"legalName\":\"WeLOOP\",\"foundingDate\":\"2017-06-12\",\"numberOfEmployees\":{\"@type\":\"QuantitativeValue\",\"minValue\":\"11\",\"maxValue\":\"50\"}},{\"@type\":\"Person\",\"@id\":\"https:\\\/\\\/www.v2.weloop.org\\\/#\\\/schema\\\/person\\\/18c2f63e2606e5c0c5d1ca0e25fa39c7\",\"name\":\"l.devisme\",\"image\":{\"@type\":\"ImageObject\",\"inLanguage\":\"en-US\",\"@id\":\"https:\\\/\\\/secure.gravatar.com\\\/avatar\\\/add4e72657ce0b4f424ab7b449c74569c005c94b4a42e0638bb1b0e6218da863?s=96&d=mm&r=g\",\"url\":\"https:\\\/\\\/secure.gravatar.com\\\/avatar\\\/add4e72657ce0b4f424ab7b449c74569c005c94b4a42e0638bb1b0e6218da863?s=96&d=mm&r=g\",\"contentUrl\":\"https:\\\/\\\/secure.gravatar.com\\\/avatar\\\/add4e72657ce0b4f424ab7b449c74569c005c94b4a42e0638bb1b0e6218da863?s=96&d=mm&r=g\",\"caption\":\"l.devisme\"},\"url\":\"https:\\\/\\\/www.weloop.org\\\/en\\\/author\\\/l-devisme\\\/\"}]}<\/script>\n<!-- \/ Yoast SEO Premium plugin. -->","yoast_head_json":{"title":"Projet BATTERS pour la R\u00e9gion Hauts-de-France (2022 - 2023)","description":"To structure and energise the battery sector in the Hauts-de-France region while addressing environmental and economic challenges.","robots":{"index":"index","follow":"follow","max-snippet":"max-snippet:-1","max-image-preview":"max-image-preview:large","max-video-preview":"max-video-preview:-1"},"canonical":"https:\/\/www.weloop.org\/en\/batters-project-for-the-hauts-de-france-region-2022-2023\/","og_locale":"en_US","og_type":"article","og_title":"Projet BATTERS pour la R\u00e9gion Hauts-de-France (2022 - 2023)","og_description":"Blog | Analyse du Cycle de Vie (ACV), \u00e9conomie circulaire et \u00e9co-conception","og_url":"https:\/\/www.weloop.org\/en\/batters-project-for-the-hauts-de-france-region-2022-2023\/","og_site_name":"WeLOOP","article_published_time":"2025-04-07T13:02:32+00:00","article_modified_time":"2025-08-05T14:21:02+00:00","og_image":[{"width":2526,"height":1785,"url":"https:\/\/www.weloop.org\/wp-content\/uploads\/2025\/03\/batters-logo-.png","type":"image\/png"}],"author":"l.devisme","twitter_card":"summary_large_image","twitter_misc":{"Written by":"l.devisme","Est. reading time":"3 minutes"},"schema":{"@context":"https:\/\/schema.org","@graph":[{"@type":"Article","@id":"https:\/\/www.weloop.org\/projet-batters-pour-la-region-hauts-de-france-2022-2023\/#article","isPartOf":{"@id":"https:\/\/www.weloop.org\/projet-batters-pour-la-region-hauts-de-france-2022-2023\/"},"author":{"name":"l.devisme","@id":"https:\/\/www.v2.weloop.org\/#\/schema\/person\/18c2f63e2606e5c0c5d1ca0e25fa39c7"},"headline":"Projet BATTERS pour la R\u00e9gion Hauts-de-France (2022 &#8211; 2023)","datePublished":"2025-04-07T13:02:32+00:00","dateModified":"2025-08-05T14:21:02+00:00","mainEntityOfPage":{"@id":"https:\/\/www.weloop.org\/projet-batters-pour-la-region-hauts-de-france-2022-2023\/"},"wordCount":352,"commentCount":0,"publisher":{"@id":"https:\/\/www.v2.weloop.org\/#organization"},"image":{"@id":"https:\/\/www.weloop.org\/projet-batters-pour-la-region-hauts-de-france-2022-2023\/#primaryimage"},"thumbnailUrl":"https:\/\/www.weloop.org\/wp-content\/uploads\/2025\/03\/batters-logo-.png","keywords":["Batteries et mobilit\u00e9","Projet BATTERS"],"articleSection":["Nos projets"],"inLanguage":"en-US","potentialAction":[{"@type":"CommentAction","name":"Comment","target":["https:\/\/www.weloop.org\/projet-batters-pour-la-region-hauts-de-france-2022-2023\/#respond"]}]},{"@type":"WebPage","@id":"https:\/\/www.weloop.org\/projet-batters-pour-la-region-hauts-de-france-2022-2023\/","url":"https:\/\/www.weloop.org\/projet-batters-pour-la-region-hauts-de-france-2022-2023\/","name":"Projet BATTERS pour la R\u00e9gion Hauts-de-France (2022 - 2023)","isPartOf":{"@id":"https:\/\/www.v2.weloop.org\/#website"},"primaryImageOfPage":{"@id":"https:\/\/www.weloop.org\/projet-batters-pour-la-region-hauts-de-france-2022-2023\/#primaryimage"},"image":{"@id":"https:\/\/www.weloop.org\/projet-batters-pour-la-region-hauts-de-france-2022-2023\/#primaryimage"},"thumbnailUrl":"https:\/\/www.weloop.org\/wp-content\/uploads\/2025\/03\/batters-logo-.png","datePublished":"2025-04-07T13:02:32+00:00","dateModified":"2025-08-05T14:21:02+00:00","description":"To structure and energise the battery sector in the Hauts-de-France region while addressing environmental and economic challenges.","breadcrumb":{"@id":"https:\/\/www.weloop.org\/projet-batters-pour-la-region-hauts-de-france-2022-2023\/#breadcrumb"},"inLanguage":"en-US","potentialAction":[{"@type":"ReadAction","target":["https:\/\/www.weloop.org\/projet-batters-pour-la-region-hauts-de-france-2022-2023\/"]}]},{"@type":"ImageObject","inLanguage":"en-US","@id":"https:\/\/www.weloop.org\/projet-batters-pour-la-region-hauts-de-france-2022-2023\/#primaryimage","url":"https:\/\/www.weloop.org\/wp-content\/uploads\/2025\/03\/batters-logo-.png","contentUrl":"https:\/\/www.weloop.org\/wp-content\/uploads\/2025\/03\/batters-logo-.png","width":2526,"height":1785},{"@type":"BreadcrumbList","@id":"https:\/\/www.weloop.org\/projet-batters-pour-la-region-hauts-de-france-2022-2023\/#breadcrumb","itemListElement":[{"@type":"ListItem","position":1,"name":"Accueil","item":"https:\/\/www.weloop.org\/"},{"@type":"ListItem","position":2,"name":"Projet BATTERS pour la R\u00e9gion Hauts-de-France (2022 &#8211; 2023)"}]},{"@type":"WebSite","@id":"https:\/\/www.v2.weloop.org\/#website","url":"https:\/\/www.v2.weloop.org\/","name":"WeLOOP","description":"WeLOOP","publisher":{"@id":"https:\/\/www.v2.weloop.org\/#organization"},"alternateName":"weloop","potentialAction":[{"@type":"SearchAction","target":{"@type":"EntryPoint","urlTemplate":"https:\/\/www.v2.weloop.org\/?s={search_term_string}"},"query-input":{"@type":"PropertyValueSpecification","valueRequired":true,"valueName":"search_term_string"}}],"inLanguage":"en-US"},{"@type":"Organization","@id":"https:\/\/www.v2.weloop.org\/#organization","name":"WeLOOP","alternateName":"weloop","url":"https:\/\/www.v2.weloop.org\/","logo":{"@type":"ImageObject","inLanguage":"en-US","@id":"https:\/\/www.v2.weloop.org\/#\/schema\/logo\/image\/","url":"https:\/\/www.weloop.org\/wp-content\/uploads\/2024\/04\/logoprincipal_1.png","contentUrl":"https:\/\/www.weloop.org\/wp-content\/uploads\/2024\/04\/logoprincipal_1.png","width":2000,"height":1500,"caption":"WeLOOP"},"image":{"@id":"https:\/\/www.v2.weloop.org\/#\/schema\/logo\/image\/"},"sameAs":["https:\/\/www.linkedin.com\/company\/weloop"],"description":"WeLOOP is an expert and innovation consultancy specialising in Life Cycle Assessment and circular economy. The organisation supports both private and public stakeholders in their circular economy and life cycle management projects, from strategy definition through to implementation.","email":"info@weloop.org","telephone":"+33981857682","legalName":"WeLOOP","foundingDate":"2017-06-12","numberOfEmployees":{"@type":"QuantitativeValue","minValue":"11","maxValue":"50"}},{"@type":"Person","@id":"https:\/\/www.v2.weloop.org\/#\/schema\/person\/18c2f63e2606e5c0c5d1ca0e25fa39c7","name":"l.devisme","image":{"@type":"ImageObject","inLanguage":"en-US","@id":"https:\/\/secure.gravatar.com\/avatar\/add4e72657ce0b4f424ab7b449c74569c005c94b4a42e0638bb1b0e6218da863?s=96&d=mm&r=g","url":"https:\/\/secure.gravatar.com\/avatar\/add4e72657ce0b4f424ab7b449c74569c005c94b4a42e0638bb1b0e6218da863?s=96&d=mm&r=g","contentUrl":"https:\/\/secure.gravatar.com\/avatar\/add4e72657ce0b4f424ab7b449c74569c005c94b4a42e0638bb1b0e6218da863?s=96&d=mm&r=g","caption":"l.devisme"},"url":"https:\/\/www.weloop.org\/en\/author\/l-devisme\/"}]}},"uagb_featured_image_src":{"full":["https:\/\/www.weloop.org\/wp-content\/uploads\/2025\/03\/batters-logo-.png",2526,1785,false],"thumbnail":["https:\/\/www.weloop.org\/wp-content\/uploads\/2025\/03\/batters-logo--150x150.png",150,150,true],"medium":["https:\/\/www.weloop.org\/wp-content\/uploads\/2025\/03\/batters-logo--300x212.png",300,212,true],"medium_large":["https:\/\/www.weloop.org\/wp-content\/uploads\/2025\/03\/batters-logo--768x543.png",768,543,true],"large":["https:\/\/www.weloop.org\/wp-content\/uploads\/2025\/03\/batters-logo--1024x724.png",1024,724,true],"1536x1536":["https:\/\/www.weloop.org\/wp-content\/uploads\/2025\/03\/batters-logo--1536x1085.png",1536,1085,true],"2048x2048":["https:\/\/www.weloop.org\/wp-content\/uploads\/2025\/03\/batters-logo--2048x1447.png",2048,1447,true],"trp-custom-language-flag":["https:\/\/www.weloop.org\/wp-content\/uploads\/2025\/03\/batters-logo--18x12.png",18,12,true],"neve-blog":["https:\/\/www.weloop.org\/wp-content\/uploads\/2025\/03\/batters-logo--930x620.png",930,620,true]},"uagb_author_info":{"display_name":"l.devisme","author_link":"https:\/\/www.weloop.org\/en\/author\/l-devisme\/"},"uagb_comment_info":0,"uagb_excerpt":"Le projet BATTERS, financ\u00e9 par les Fonds R\u00e9gionaux pour l\u2019Amplification de la Troisi\u00e8me R\u00e9volution Industrielle, s'est d\u00e9roul\u00e9 de janvier 2022 \u00e0 juillet 2023","_links":{"self":[{"href":"https:\/\/www.weloop.org\/en\/wp-json\/wp\/v2\/posts\/7773","targetHints":{"allow":["GET"]}}],"collection":[{"href":"https:\/\/www.weloop.org\/en\/wp-json\/wp\/v2\/posts"}],"about":[{"href":"https:\/\/www.weloop.org\/en\/wp-json\/wp\/v2\/types\/post"}],"author":[{"embeddable":true,"href":"https:\/\/www.weloop.org\/en\/wp-json\/wp\/v2\/users\/3"}],"replies":[{"embeddable":true,"href":"https:\/\/www.weloop.org\/en\/wp-json\/wp\/v2\/comments?post=7773"}],"version-history":[{"count":6,"href":"https:\/\/www.weloop.org\/en\/wp-json\/wp\/v2\/posts\/7773\/revisions"}],"predecessor-version":[{"id":8055,"href":"https:\/\/www.weloop.org\/en\/wp-json\/wp\/v2\/posts\/7773\/revisions\/8055"}],"wp:featuredmedia":[{"embeddable":true,"href":"https:\/\/www.weloop.org\/en\/wp-json\/wp\/v2\/media\/7763"}],"wp:attachment":[{"href":"https:\/\/www.weloop.org\/en\/wp-json\/wp\/v2\/media?parent=7773"}],"wp:term":[{"taxonomy":"category","embeddable":true,"href":"https:\/\/www.weloop.org\/en\/wp-json\/wp\/v2\/categories?post=7773"},{"taxonomy":"post_tag","embeddable":true,"href":"https:\/\/www.weloop.org\/en\/wp-json\/wp\/v2\/tags?post=7773"}],"curies":[{"name":"wp","href":"https:\/\/api.w.org\/{rel}","templated":true}]}}